{"id":672,"date":"2025-08-30T16:55:10","date_gmt":"2025-08-30T14:55:10","guid":{"rendered":"https:\/\/skedin.fr\/?p=672"},"modified":"2025-09-02T19:21:21","modified_gmt":"2025-09-02T17:21:21","slug":"lampe-industrielle-pharo","status":"publish","type":"post","link":"https:\/\/skedin.fr\/index.php\/2025\/08\/30\/lampe-industrielle-pharo\/","title":{"rendered":"Lampe industrielle \u00ab\u00a0Pharo\u00a0\u00bb"},"content":{"rendered":"<p><\/p>\n<p class=\"is-layout-flow wp-block-column-is-layout-flow\"><\/p>\n<p>EN STOCK<\/p>\n<p><\/p>\n<p>Pi\u00e8ce unique<\/p>\n<p><\/p>\n<h3><strong>Prix : 360 \u20ac TTC<\/strong><\/h3>\n<p><\/p>\n<p><\/p>\n<p><\/p>\n<p><\/p>\n<p><\/p>\n<p><\/p>\n<p><\/p>\n<h3 class=\"wp-block-heading\">La Lampe Industrielle Pharo : L\u2019\u00c9clat du Vintage au Service de l\u2019Innovation<\/h3>\n\n\n<p>La <strong>lampe industrielle Pharo<\/strong> incarne l\u2019esprit de l\u2019<strong>upcycling<\/strong>, alliant la beaut\u00e9 brute de la <strong>m\u00e9canique<\/strong> au design r\u00e9solument <strong>industriel<\/strong> et vintage. Fabriqu\u00e9e \u00e0 partir d\u2019un <strong>phare de 2 chevaux<\/strong> ancien, cette lampe se distingue non seulement par sa <strong>mati\u00e8re noble<\/strong>, mais aussi par son <strong>design polyvalent<\/strong> et sa capacit\u00e9 \u00e0 se r\u00e9inventer. La <strong>lampe Pharo<\/strong> est plus qu\u2019un simple luminaire : c\u2019est une \u0153uvre d\u2019art fonctionnelle, un \u00e9clairage unique, le fruit d\u2019une vision o\u00f9 <strong>l\u2019histoire<\/strong> rencontre <strong>l&rsquo;innovation<\/strong>.<\/p>\n\n\n<h3 class=\"wp-block-heading\">L&rsquo;Histoire Derri\u00e8re la Lampe Pharo : Une M\u00e9canique du Pass\u00e9, une Vision du Futur<\/h3>\n\n\n<p>L\u2019histoire de la <strong>lampe industrielle Pharo<\/strong> commence avec un vieux phare de <strong>2 chevaux<\/strong>, un mod\u00e8le embl\u00e9matique des v\u00e9hicules anciens. Ces phares, robustes et charg\u00e9s de souvenirs de routes poussi\u00e9reuses, ont \u00e9t\u00e9 r\u00e9cup\u00e9r\u00e9s et transform\u00e9s pour cr\u00e9er une lampe unique. \u00c0 l\u2019origine, le phare \u00e9tait con\u00e7u pour r\u00e9sister aux \u00e9l\u00e9ments, offrant une lumi\u00e8re claire aux conducteurs d\u2019un autre temps, mais dans l\u2019atelier o\u00f9 il prend vie, il devient bien plus qu\u2019un simple \u00e9clairage.<\/p>\n\n\n<p>Lorsque le phare de <strong>2 chevaux<\/strong> est retrouv\u00e9, il est imm\u00e9diatement \u00e9vident que cet objet a \u00e9t\u00e9 fa\u00e7onn\u00e9 avec une qualit\u00e9 incomparable. Le m\u00e9tal, vieilli et patin\u00e9 par des ann\u00e9es de service, raconte l\u2019histoire d\u2019une \u00e9poque o\u00f9 chaque \u00e9l\u00e9ment m\u00e9canique \u00e9tait con\u00e7u pour durer. En entrant dans l\u2019atelier de conception, il n\u2019est plus question de simplement remettre ce phare en \u00e9tat. La <strong>m\u00e9canique<\/strong> de cet objet d\u2019un autre temps va \u00eatre transform\u00e9e, revaloris\u00e9e et sublim\u00e9e pour donner naissance \u00e0 la <strong>lampe industrielle Pharo<\/strong>, un produit \u00e0 la fois esth\u00e9tique et fonctionnel.<\/p>\n\n\n<h3 class=\"wp-block-heading\">Un Design Industriel et Sur-Mesure : Le Phare de 2 Chevaux Repris dans Tous Ses D\u00e9tails<\/h3>\n\n\n<p>La <strong>lampe Pharo<\/strong> met en lumi\u00e8re l&rsquo;expertise de la transformation <strong>m\u00e9canique<\/strong> et la <strong>cr\u00e9ation artisanale<\/strong>. Chaque phare est minutieusement restaur\u00e9, la coque m\u00e9tallique est nettoy\u00e9e, les rouilles et les traces d\u2019usure sont soign\u00e9es, et chaque \u00e9l\u00e9ment est d\u00e9mont\u00e9 pour \u00eatre r\u00e9ajust\u00e9 et perfectionn\u00e9. Le <strong>m\u00e9canisme<\/strong> qui a servi \u00e0 <strong>r\u00e9gler la lumi\u00e8re<\/strong> devient ici un support pour l&rsquo;ampoule, cr\u00e9ant un ensemble parfaitement fonctionnel, mais avec une touche moderne.<\/p>\n\n\n<p>Le design de la <strong>lampe industrielle Pharo<\/strong> puise son inspiration dans l\u2019univers de la <strong>m\u00e9canique<\/strong> des ann\u00e9es 50 et 60. Les courbes du phare, sa <strong>texture m\u00e9tallique<\/strong>, sa forme iconique, sont pr\u00e9serv\u00e9es pour conserver l\u2019esprit <strong>vintage<\/strong> tout en apportant une <strong>dimension contemporaine<\/strong> \u00e0 l\u2019ensemble. La <strong>lumi\u00e8re<\/strong>, projet\u00e9e \u00e0 travers le verre du phare, cr\u00e9e une atmosph\u00e8re unique et chaude, id\u00e9ale pour ajouter une touche de <strong>caract\u00e8re<\/strong> et de <strong>style<\/strong> \u00e0 votre int\u00e9rieur.<\/p>\n\n\n<h3 class=\"wp-block-heading\">Une Pi\u00e8ce Artisanale, Unique et Durable<\/h3>\n\n\n<p>La <strong>lampe Pharo<\/strong> n\u2019est pas simplement une source de lumi\u00e8re, c\u2019est un <strong>objet de collection<\/strong>. Gr\u00e2ce \u00e0 son processus de fabrication enti\u00e8rement <strong>artisanal<\/strong>, chaque lampe est une cr\u00e9ation unique, r\u00e9alis\u00e9e avec soin et minutie. Le travail de transformation du phare en lampe est un v\u00e9ritable processus de <strong>restauration<\/strong>, un acte de <strong>revalorisation<\/strong> et de <strong>cr\u00e9ation<\/strong> qui permet de donner une nouvelle vie \u00e0 un objet vieux de plusieurs d\u00e9cennies.<\/p>\n\n\n<p>L\u2019<strong>artisanat<\/strong> et la <strong>durabilit\u00e9<\/strong> sont au c\u0153ur de ce projet. Chaque <strong>lampe Pharo<\/strong> est con\u00e7ue pour durer, pour r\u00e9sister aux ann\u00e9es et conserver son esth\u00e9tique d\u2019origine tout en \u00e9tant parfaitement fonctionnelle. Le choix des mat\u00e9riaux, la qualit\u00e9 du <strong>m\u00e9tal<\/strong>, et l\u2019attention aux d\u00e9tails sont garantis pour offrir une <strong>pi\u00e8ce robuste<\/strong> et <strong>\u00e9l\u00e9gante<\/strong>, pr\u00eate \u00e0 illuminer votre espace pendant de nombreuses ann\u00e9es.<\/p>\n\n\n<h3 class=\"wp-block-heading\">Une Lampe Industrielle pour un Espace Unique<\/h3>\n\n\n<p>Que vous cherchiez \u00e0 int\u00e9grer un \u00e9clairage <strong>unique<\/strong> et <strong>dynamique<\/strong> dans votre <strong>salon<\/strong>, votre <strong>bureau<\/strong>, ou m\u00eame votre <strong>restaurant<\/strong>, la <strong>lampe Pharo<\/strong> s\u2019adapte \u00e0 toutes les ambiances. Elle devient non seulement un <strong>\u00e9clairage fonctionnel<\/strong>, mais \u00e9galement un <strong>\u00e9l\u00e9ment d\u00e9coratif<\/strong> qui attire le regard et suscite l\u2019admiration. Son design <strong>industriel<\/strong> et ses <strong>couleurs personnalis\u00e9es<\/strong> en font une pi\u00e8ce incontournable, un <strong>objet de caract\u00e8re<\/strong> qui ajoutera une touche de <strong>style vintage<\/strong> et <strong>m\u00e9canique<\/strong> \u00e0 votre espace.<\/p>\n\n\n<p>Son <strong>\u00e9clat doux et chaleureux<\/strong> est parfait pour cr\u00e9er une atmosph\u00e8re agr\u00e9able et intime, tandis que son aspect robuste et intemporel fait de la <strong>lampe Pharo<\/strong> un <strong>point focal<\/strong> de toute pi\u00e8ce. Si vous aimez les objets qui ont une <strong>\u00e2me<\/strong>, une <strong>histoire<\/strong>, et qui ne ressemblent \u00e0 aucun autre, la <strong>lampe industrielle Pharo<\/strong> est faite pour vous.<\/p>\n\n\n<h3 class=\"wp-block-heading\">Pourquoi Choisir la Lampe Industrielle Pharo ?<\/h3>\n\n\n<ol class=\"wp-block-list\">\n<li><strong>Design unique et intemporel<\/strong> : Un \u00e9clairage inspir\u00e9 du <strong>vintage<\/strong> et de la <strong>m\u00e9canique<\/strong>, parfait pour des int\u00e9rieurs industriels ou r\u00e9tro.<\/li>\n\n\n<li><strong>Personnalisable<\/strong> : Disponible en diff\u00e9rentes finitions, permettant de s\u2019adapter \u00e0 votre style et \u00e0 votre d\u00e9coration.<\/li>\n\n\n<li><strong>Artisanat de qualit\u00e9<\/strong> : Chaque lampe est fabriqu\u00e9e \u00e0 la main avec des mat\u00e9riaux <strong>durables<\/strong> et une attention particuli\u00e8re port\u00e9e aux d\u00e9tails.<\/li>\n\n\n<li><strong>\u00c9coresponsable<\/strong> : Cr\u00e9\u00e9e \u00e0 partir d\u2019un <strong>phare de 2 chevaux<\/strong> recycl\u00e9, elle fait partie d\u2019une d\u00e9marche de <strong>revalorisation<\/strong> et de <strong>cr\u00e9ation durable<\/strong>.<\/li>\n\n\n<li><strong>Un \u00e9clairage chaleureux<\/strong> : L\u2019ampoule vintage procure une lumi\u00e8re douce et agr\u00e9able, parfaite pour cr\u00e9er une atmosph\u00e8re cosy et unique.<\/li>\n<\/ol>\n\n\n<h3 class=\"wp-block-heading\">Conclusion : La Lampe Pharo, Une R\u00e9invention du Pass\u00e9 pour Illuminer le Futur<\/h3>\n\n\n<p>La <strong>lampe industrielle Pharo<\/strong> est bien plus qu\u2019un simple luminaire. Elle est une c\u00e9l\u00e9bration de l\u2019art de <strong>recycler<\/strong>, de l\u2019esprit <strong>industriel<\/strong>, et de la beaut\u00e9 des objets qui traversent le temps. Fabriqu\u00e9e \u00e0 partir d\u2019un <strong>phare de 2 chevaux<\/strong>, elle incarne \u00e0 la fois l\u2019histoire, la <strong>m\u00e9canique<\/strong> et le <strong>design contemporain<\/strong>. En offrant la possibilit\u00e9 de choisir parmi une gamme de couleurs vibrantes, elle permet \u00e0 chacun de personnaliser son \u00e9clairage et d\u2019ajouter une <strong>touche de style unique<\/strong> \u00e0 son int\u00e9rieur.<\/p>\n\n\n<p>Choisir la <strong>lampe Pharo<\/strong>, c\u2019est choisir un <strong>\u00e9clairage intemporel<\/strong>, un <strong>objet de caract\u00e8re<\/strong> et un <strong>signe de modernit\u00e9<\/strong>. Un \u00e9clairage au service de votre <strong>d\u00e9coration<\/strong>, qui fait toute la diff\u00e9rence et illumine votre espace d\u2019une mani\u00e8re originale et pleine de charme.<\/p>\n","protected":false},"excerpt":{"rendered":"<p>EN STOCK Pi\u00e8ce unique Prix : 360 \u20ac TTC La Lampe Industrielle Pharo [&hellip;]<\/p>\n","protected":false},"author":1,"featured_media":198,"comment_status":"closed","ping_status":"open","sticky":false,"template":"","format":"standard","meta":{"footnotes":""},"categories":[12],"tags":[],"class_list":["post-672","post","type-post","status-publish","format-standard","has-post-thumbnail","hentry","category-lampes-vintage"],"_links":{"self":[{"href":"https:\/\/skedin.fr\/index.php\/wp-json\/wp\/v2\/posts\/672","targetHints":{"allow":["GET"]}}],"collection":[{"href":"https:\/\/skedin.fr\/index.php\/wp-json\/wp\/v2\/posts"}],"about":[{"href":"https:\/\/skedin.fr\/index.php\/wp-json\/wp\/v2\/types\/post"}],"author":[{"embeddable":true,"href":"https:\/\/skedin.fr\/index.php\/wp-json\/wp\/v2\/users\/1"}],"replies":[{"embeddable":true,"href":"https:\/\/skedin.fr\/index.php\/wp-json\/wp\/v2\/comments?post=672"}],"version-history":[{"count":0,"href":"https:\/\/skedin.fr\/index.php\/wp-json\/wp\/v2\/posts\/672\/revisions"}],"wp:featuredmedia":[{"embeddable":true,"href":"https:\/\/skedin.fr\/index.php\/wp-json\/wp\/v2\/media\/198"}],"wp:attachment":[{"href":"https:\/\/skedin.fr\/index.php\/wp-json\/wp\/v2\/media?parent=672"}],"wp:term":[{"taxonomy":"category","embeddable":true,"href":"https:\/\/skedin.fr\/index.php\/wp-json\/wp\/v2\/categories?post=672"},{"taxonomy":"post_tag","embeddable":true,"href":"https:\/\/skedin.fr\/index.php\/wp-json\/wp\/v2\/tags?post=672"}],"curies":[{"name":"wp","href":"https:\/\/api.w.org\/{rel}","templated":true}]}}