{"id":674,"date":"2025-08-30T16:58:55","date_gmt":"2025-08-30T14:58:55","guid":{"rendered":"https:\/\/skedin.fr\/?p=674"},"modified":"2025-09-02T19:22:07","modified_gmt":"2025-09-02T17:22:07","slug":"lampe-de-chevet-voltika","status":"publish","type":"post","link":"https:\/\/skedin.fr\/index.php\/2025\/08\/30\/lampe-de-chevet-voltika\/","title":{"rendered":"Lampe de chevet \u00ab\u00a0Voltika\u00a0\u00bb"},"content":{"rendered":"<p><\/p>\n<p class=\"is-layout-flow wp-block-column-is-layout-flow\"><\/p>\n<p>EN STOCK<\/p>\n<p><\/p>\n<p>Pi\u00e8ce unique<\/p>\n<p><\/p>\n<h3><strong>Prix : 490 \u20ac TTC<\/strong><\/h3>\n<p><\/p>\n<p><\/p>\n<p><\/p>\n<p><\/p>\n<p><\/p>\n<p><\/p>\n<p><\/p>\n<h3 class=\"wp-block-heading\">Lampe de Chevet Voltika : La Fusion Parfaite de la M\u00e9canique et du Design Artisanal<\/h3>\n\n\n<p>La <strong>lampe de chevet Voltika<\/strong> est une pi\u00e8ce d\u2019exception qui transcende l\u2019utilitaire pour devenir un v\u00e9ritable objet d&rsquo;art. Con\u00e7ue avec une <strong>grille en m\u00e9tal<\/strong> fa\u00e7onn\u00e9e \u00e0 la main et assembl\u00e9e \u00e0 partir de pi\u00e8ces m\u00e9caniques r\u00e9utilis\u00e9es, elle incarne l\u2019esprit du <strong>recyclage<\/strong> et de l\u2019<strong>upcycling<\/strong> avec une touche r\u00e9solument moderne et <strong>dynamique<\/strong>. L\u2019utilisation d\u2019\u00e9l\u00e9ments issus de l\u2019univers de la m\u00e9canique automobile, tels qu\u2019un <strong>arbre \u00e0 came<\/strong>, des <strong>bielles<\/strong> et un <strong>piston<\/strong>, fait de cette lampe un v\u00e9ritable hommage \u00e0 l\u2019industrie automobile. Plus qu\u2019un simple \u00e9clairage, la <strong>Voltika<\/strong> est une \u0153uvre d\u2019art fonctionnelle, une fusion entre <strong>performance m\u00e9canique<\/strong> et <strong>design \u00e9l\u00e9gant<\/strong>.<\/p>\n\n\n<h3 class=\"wp-block-heading\">Une Histoire de M\u00e9canique et de Cr\u00e9ation : L&rsquo;\u00c2me de la Lampe Voltika<\/h3>\n\n\n<p>Chaque pi\u00e8ce de la <strong>lampe Voltika<\/strong> raconte une histoire de <strong>revalorisation<\/strong> et de <strong>cr\u00e9ation artisanale<\/strong>. L\u2019id\u00e9e de fusionner des \u00e9l\u00e9ments m\u00e9caniques en des objets au service de l\u2019<strong>esth\u00e9tique<\/strong> et de l\u2019<strong>utilit\u00e9<\/strong> a \u00e9t\u00e9 le moteur derri\u00e8re cette cr\u00e9ation unique. Les pi\u00e8ces automobiles utilis\u00e9es \u2013 notamment un <strong>arbre \u00e0 came<\/strong> r\u00e9cup\u00e9r\u00e9, des <strong>bielles<\/strong>, et un <strong>piston<\/strong> \u2013 \u00e9taient autrefois des \u00e9l\u00e9ments cl\u00e9s dans le fonctionnement de moteurs puissants, mais aujourd\u2019hui, elles trouvent une nouvelle vocation dans l\u2019univers du design int\u00e9rieur. Chaque morceau est minutieusement restaur\u00e9 et transform\u00e9, offrant une seconde vie \u00e0 des mat\u00e9riaux qui, autrement, auraient \u00e9t\u00e9 abandonn\u00e9s.<\/p>\n\n\n<p>L&rsquo;<strong>abat-jour<\/strong> de la <strong>lampe Voltika<\/strong>, fabriqu\u00e9 \u00e0 la main sous forme de <strong>grille m\u00e9tallique<\/strong>, est une v\u00e9ritable \u0153uvre d\u2019art. Ses mailles, ajust\u00e9es avec pr\u00e9cision, laissent filtrer la lumi\u00e8re de mani\u00e8re douce, cr\u00e9ant des effets lumineux saisissants sur les murs et la table de chevet. Ce jeu de lumi\u00e8re ajoute \u00e0 la fois <strong>charme<\/strong> et <strong>dynamisme<\/strong>, tout en insufflant une touche de caract\u00e8re unique \u00e0 la pi\u00e8ce o\u00f9 elle est plac\u00e9e.<\/p>\n\n\n<h3 class=\"wp-block-heading\">L&rsquo;Abat-Jour Inclinable : La Petite Touche Dynamique<\/h3>\n\n\n<p>L&rsquo;une des particularit\u00e9s qui distingue la <strong>lampe Voltika<\/strong> est son <strong>abat-jour inclinable<\/strong>. Gr\u00e2ce \u00e0 un syst\u00e8me ing\u00e9nieux, l&rsquo;abat-jour peut \u00eatre ajust\u00e9 de <strong>gauche \u00e0 droite<\/strong>, permettant \u00e0 l\u2019utilisateur de diriger la lumi\u00e8re avec une grande pr\u00e9cision. Ce d\u00e9tail fonctionnel n\u2019est pas seulement pratique, il apporte \u00e9galement une <strong>dynamique<\/strong> visuelle \u00e0 la lampe, donnant l&rsquo;impression que celle-ci est en constante \u00e9volution. C\u2019est un clin d&rsquo;\u0153il subtil \u00e0 l\u2019univers m\u00e9canique dans lequel les pi\u00e8ces se d\u00e9placent, s\u2019ajustent, et \u00e9voluent.<\/p>\n\n\n<h3 class=\"wp-block-heading\">Une Pi\u00e8ce Artisanale aux D\u00e9tails Pr\u00e9cieux<\/h3>\n\n\n<p>Chaque <strong>lampe de chevet Voltika<\/strong> est le fruit d&rsquo;un <strong>travail artisanal<\/strong> de pr\u00e9cision. Les <strong>bielles<\/strong> et les <strong>pistons<\/strong> utilis\u00e9s pour sa conception sont soigneusement nettoy\u00e9s, polis et int\u00e9gr\u00e9s de mani\u00e8re \u00e9l\u00e9gante \u00e0 l\u2019ensemble du design. Chaque <strong>grille m\u00e9tallique<\/strong>, fabriqu\u00e9e \u00e0 la main, est ensuite fix\u00e9e de mani\u00e8re minutieuse, assurant que l\u2019aspect <strong>vintage<\/strong> et la <strong>fonctionnalit\u00e9 moderne<\/strong> se rencontrent parfaitement.<\/p>\n\n\n<p>Les pi\u00e8ces de moteur automobile qui constituent la base de cette lampe ne sont pas seulement r\u00e9cup\u00e9r\u00e9es pour leur forme esth\u00e9tique, mais aussi pour leur caract\u00e8re. Chaque \u00e9l\u00e9ment a une histoire \u00e0 raconter, et sa transformation en <strong>lampe Voltika<\/strong> donne une nouvelle dimension \u00e0 cette histoire. C\u2019est un exemple frappant de la mani\u00e8re dont les objets du pass\u00e9 peuvent prendre une nouvelle vie dans le cadre du <strong>design contemporain<\/strong>, tout en apportant une forte charge \u00e9motionnelle.<\/p>\n\n\n<h3 class=\"wp-block-heading\">L\u2019\u00c9quilibre Parfait Entre Esth\u00e9tique et Fonctionnalit\u00e9<\/h3>\n\n\n<p>La <strong>lampe de chevet Voltika<\/strong> n\u2019est pas seulement un objet d\u00e9coratif : elle est con\u00e7ue pour \u00eatre fonctionnelle et utile dans votre quotidien. Son design ergonomique permet de l\u2019int\u00e9grer parfaitement dans une chambre, un bureau ou tout autre espace n\u00e9cessitant une touche de <strong>style industriel<\/strong> et une <strong>lumi\u00e8re agr\u00e9able<\/strong>. L\u2019<strong>abat-jour inclinable<\/strong> permet de personnaliser l\u2019angle de la lumi\u00e8re, apportant ainsi un \u00e9clairage modulable selon vos besoins, que ce soit pour lire, travailler ou cr\u00e9er une ambiance tamis\u00e9e.<\/p>\n\n\n<p>L&rsquo;aspect <strong>m\u00e9canique<\/strong> de la lampe apporte une \u00e9nergie particuli\u00e8re \u00e0 la pi\u00e8ce, tout en \u00e9quilibrant l\u2019aspect utilitaire du luminaire avec son c\u00f4t\u00e9 d\u00e9coratif. La texture brute et authentique des <strong>pi\u00e8ces automobiles<\/strong> m\u00e9lang\u00e9e \u00e0 la finesse du <strong>grillage m\u00e9tallique<\/strong> offre un <strong>contraste<\/strong> saisissant qui ravira les amateurs de <strong>design industriel<\/strong> et de <strong>r\u00e9cup\u00e9ration cr\u00e9ative<\/strong>.<\/p>\n\n\n<h3 class=\"wp-block-heading\">Une Pi\u00e8ce Unique et Durable<\/h3>\n\n\n<p>Ce qui distingue v\u00e9ritablement la <strong>lampe Voltika<\/strong>, c\u2019est sa <strong>durabilit\u00e9<\/strong>. Fabriqu\u00e9e \u00e0 partir de mat\u00e9riaux robustes et <strong>r\u00e9utilis\u00e9s<\/strong>, elle est un exemple parfait de <strong>sustainability<\/strong> et de <strong>r\u00e9invention<\/strong>. En choisissant cette lampe, vous ne faites pas qu\u2019acqu\u00e9rir un \u00e9clairage fonctionnel, mais vous participez \u00e9galement \u00e0 une d\u00e9marche plus respectueuse de l&rsquo;environnement. Chaque lampe est un hommage \u00e0 l\u2019<strong>artisanat<\/strong>, \u00e0 la <strong>cr\u00e9ation durable<\/strong>, et \u00e0 l&rsquo;esprit de l&rsquo;<strong>upcycling<\/strong>, une mani\u00e8re de redonner vie \u00e0 des objets qui ont travers\u00e9 le temps et l\u2019histoire.<\/p>\n\n\n<h3 class=\"wp-block-heading\">Pourquoi Choisir la Lampe de Chevet Voltika ?<\/h3>\n\n\n<ol class=\"wp-block-list\">\n<li><strong>Design unique et dynamique<\/strong> : Alliant m\u00e9canique automobile et <strong>design artisanal<\/strong>, la <strong>Voltika<\/strong> se distingue par son look <strong>industriel<\/strong> et son abat-jour <strong>inclinable<\/strong> qui offre une flexibilit\u00e9 optimale.<\/li>\n\n\n<li><strong>Objet de caract\u00e8re<\/strong> : Fabriqu\u00e9e \u00e0 partir de pi\u00e8ces automobiles r\u00e9utilis\u00e9es comme un <strong>arbre \u00e0 came<\/strong>, des <strong>bielles<\/strong> et un <strong>piston<\/strong>, chaque lampe est une \u0153uvre d&rsquo;art fonctionnelle.<\/li>\n\n\n<li><strong>Artisanat de qualit\u00e9<\/strong> : Chaque \u00e9l\u00e9ment est fabriqu\u00e9 \u00e0 la main, avec une attention particuli\u00e8re aux d\u00e9tails, garantissant une finition soign\u00e9e et un produit unique.<\/li>\n\n\n<li><strong>Adaptabilit\u00e9<\/strong> : Gr\u00e2ce \u00e0 son abat-jour inclinable, elle s\u2019adapte facilement \u00e0 tous les types d\u2019ambiance, cr\u00e9ant des jeux de lumi\u00e8re agr\u00e9ables et modulables.<\/li>\n\n\n<li><strong>\u00c9coresponsable<\/strong> : Construite \u00e0 partir de pi\u00e8ces r\u00e9utilis\u00e9es, la <strong>Voltika<\/strong> incarne une d\u00e9marche <strong>\u00e9coresponsable<\/strong> et durable, offrant une nouvelle vie \u00e0 des mat\u00e9riaux autrefois vou\u00e9s \u00e0 l\u2019obsolescence.<\/li>\n<\/ol>\n\n\n<h3 class=\"wp-block-heading\">Conclusion : La Lampe Voltika, L\u2019\u00c9l\u00e9gance M\u00e9canique au Service de Votre Int\u00e9rieur<\/h3>\n\n\n<p>La <strong>lampe de chevet Voltika<\/strong> est bien plus qu\u2019un simple luminaire. Elle est une <strong>cr\u00e9ation artisanale<\/strong> o\u00f9 l\u2019<strong>esth\u00e9tique<\/strong> rencontre la <strong>fonctionnalit\u00e9<\/strong> dans un mariage parfait. Par son design <strong>dynamique<\/strong>, sa <strong>structure m\u00e9tallique<\/strong> et l\u2019utilisation d\u2019\u00e9l\u00e9ments de <strong>m\u00e9canique automobile<\/strong> transform\u00e9s, la <strong>Voltika<\/strong> s\u2019impose comme un <strong>objet unique<\/strong>, une <strong>pi\u00e8ce de caract\u00e8re<\/strong> qui illumine votre int\u00e9rieur tout en racontant une histoire.<\/p>\n\n\n<p>En apportant cette lampe chez vous, vous optez pour un <strong>\u00e9clairage distinctif<\/strong>, durable et \u00e9coresponsable, qui transformera chaque pi\u00e8ce en un espace charg\u00e9 de style et de personnalit\u00e9. C\u2019est une lampe qui, tout en restant <strong>fonctionnelle<\/strong>, devient un v\u00e9ritable point de focalisation dans n\u2019importe quelle d\u00e9coration, qu&rsquo;elle soit industrielle, contemporaine ou r\u00e9tro.<\/p>\n","protected":false},"excerpt":{"rendered":"<p>EN STOCK Pi\u00e8ce unique Prix : 490 \u20ac TTC Lampe de Chevet Voltika [&hellip;]<\/p>\n","protected":false},"author":1,"featured_media":682,"comment_status":"closed","ping_status":"open","sticky":false,"template":"","format":"standard","meta":{"footnotes":""},"categories":[12],"tags":[],"class_list":["post-674","post","type-post","status-publish","format-standard","has-post-thumbnail","hentry","category-lampes-vintage"],"_links":{"self":[{"href":"https:\/\/skedin.fr\/index.php\/wp-json\/wp\/v2\/posts\/674","targetHints":{"allow":["GET"]}}],"collection":[{"href":"https:\/\/skedin.fr\/index.php\/wp-json\/wp\/v2\/posts"}],"about":[{"href":"https:\/\/skedin.fr\/index.php\/wp-json\/wp\/v2\/types\/post"}],"author":[{"embeddable":true,"href":"https:\/\/skedin.fr\/index.php\/wp-json\/wp\/v2\/users\/1"}],"replies":[{"embeddable":true,"href":"https:\/\/skedin.fr\/index.php\/wp-json\/wp\/v2\/comments?post=674"}],"version-history":[{"count":0,"href":"https:\/\/skedin.fr\/index.php\/wp-json\/wp\/v2\/posts\/674\/revisions"}],"wp:featuredmedia":[{"embeddable":true,"href":"https:\/\/skedin.fr\/index.php\/wp-json\/wp\/v2\/media\/682"}],"wp:attachment":[{"href":"https:\/\/skedin.fr\/index.php\/wp-json\/wp\/v2\/media?parent=674"}],"wp:term":[{"taxonomy":"category","embeddable":true,"href":"https:\/\/skedin.fr\/index.php\/wp-json\/wp\/v2\/categories?post=674"},{"taxonomy":"post_tag","embeddable":true,"href":"https:\/\/skedin.fr\/index.php\/wp-json\/wp\/v2\/tags?post=674"}],"curies":[{"name":"wp","href":"https:\/\/api.w.org\/{rel}","templated":true}]}}